{"id":1116,"date":"2023-12-22T10:08:34","date_gmt":"2023-12-22T10:08:34","guid":{"rendered":"https:\/\/pesu.org\/wp\/2023\/12\/22\/kodinetsinta-lomailee-joulun-ja-vuodenvaihteen-aikoihin\/"},"modified":"2023-12-22T10:08:34","modified_gmt":"2023-12-22T10:08:34","slug":"kodinetsinta-lomailee-joulun-ja-vuodenvaihteen-aikoihin","status":"publish","type":"post","link":"https:\/\/pesu.org\/wp\/kodinetsinta-lomailee-joulun-ja-vuodenvaihteen-aikoihin\/","title":{"rendered":"Kodinetsint\u00e4 lomailee joulun ja vuodenvaihteen aikoihin"},"content":{"rendered":"<p>Huomioi PESUn vapaaehtoisten joululomat, jos haluat ottaa meihin yhteytt\u00e4. T\u00e4ss\u00e4 kodinetsinn\u00e4n loma-ajat:&nbsp;<\/p>\n<ul>\n<li>Kissojen kodinetsint\u00e4 lomailee joulun, v\u00e4lip\u00e4iv\u00e4t ja uuden vuoden. Adoptiotouhuihin palataan viikolla 1.<\/li>\n<li>Muiden lemmikkien kodinetsint\u00e4 lomailee joulun, v\u00e4lip\u00e4iv\u00e4t ja uuden vuoden. Adoptiotouhuihin palataan viikolla 1.<\/li>\n<li>Koirapuhelin lomailee 19.12. -&gt; joulun, v\u00e4lip\u00e4iv\u00e4t ja uuden vuoden. Adoptiotouhuihin palataan viikolla 2.<\/li>\n<\/ul>\n<p>PESU toivottaa kaikille rauhallista joulua! \u2764\ufe0f<\/p>\n","protected":false},"excerpt":{"rendered":"<p>Huomioi PESUn vapaaehtoisten joululomat, jos haluat ottaa meihin yhteytt\u00e4. T\u00e4ss\u00e4 kodinetsinn\u00e4n loma-ajat:&nbsp; Kissojen kodinetsint\u00e4 lomailee joulun, v\u00e4lip\u00e4iv\u00e4t ja uuden vuoden. Adoptiotouhuihin palataan viikolla 1. Muiden lemmikkien kodinetsint\u00e4 lomailee joulun, v\u00e4lip\u00e4iv\u00e4t ja uuden vuoden. Adoptiotouhuihin palataan viikolla 1. Koirapuhelin lomailee 19.12. -&gt; joulun, v\u00e4lip\u00e4iv\u00e4t ja uuden vuoden. Adoptiotouhuihin palataan viikolla 2. PESU toivottaa kaikille rauhallista joulua! [&hellip;]<\/p>\n","protected":false},"author":14,"featured_media":0,"comment_status":"open","ping_status":"open","sticky":false,"template":"","format":"standard","meta":{"_acf_changed":false,"_et_pb_use_builder":"","_et_pb_old_content":"","_et_gb_content_width":"","footnotes":""},"categories":[47],"tags":[],"class_list":["post-1116","post","type-post","status-publish","format-standard","hentry","category-ajankohtaista"],"acf":[],"yoast_head":"<!-- This site is optimized with the Yoast SEO plugin v27.1.1 - https:\/\/yoast.com\/product\/yoast-seo-wordpress\/ -->\n<title>Kodinetsint\u00e4 lomailee joulun ja vuodenvaihteen aikoihin | Pirkanmaan el&auml;insuojeluyhdistys, PESU ry<\/title>\n<meta name=\"robots\" content=\"index, follow, max-snippet:-1, max-image-preview:large, max-video-preview:-1\" \/>\n<link rel=\"canonical\" href=\"https:\/\/pesu.org\/wp\/kodinetsinta-lomailee-joulun-ja-vuodenvaihteen-aikoihin\/\" \/>\n<meta property=\"og:locale\" content=\"fi_FI\" \/>\n<meta property=\"og:type\" content=\"article\" \/>\n<meta property=\"og:title\" content=\"Kodinetsint\u00e4 lomailee joulun ja vuodenvaihteen aikoihin | Pirkanmaan el&auml;insuojeluyhdistys, PESU ry\" \/>\n<meta property=\"og:description\" content=\"Huomioi PESUn vapaaehtoisten joululomat, jos haluat ottaa meihin yhteytt\u00e4. T\u00e4ss\u00e4 kodinetsinn\u00e4n loma-ajat:&nbsp; Kissojen kodinetsint\u00e4 lomailee joulun, v\u00e4lip\u00e4iv\u00e4t ja uuden vuoden. Adoptiotouhuihin palataan viikolla 1. Muiden lemmikkien kodinetsint\u00e4 lomailee joulun, v\u00e4lip\u00e4iv\u00e4t ja uuden vuoden. Adoptiotouhuihin palataan viikolla 1. Koirapuhelin lomailee 19.12. -&gt; joulun, v\u00e4lip\u00e4iv\u00e4t ja uuden vuoden. Adoptiotouhuihin palataan viikolla 2. PESU toivottaa kaikille rauhallista joulua! [&hellip;]\" \/>\n<meta property=\"og:url\" content=\"https:\/\/pesu.org\/wp\/kodinetsinta-lomailee-joulun-ja-vuodenvaihteen-aikoihin\/\" \/>\n<meta property=\"og:site_name\" content=\"Pirkanmaan el&auml;insuojeluyhdistys, PESU ry\" \/>\n<meta property=\"article:publisher\" content=\"https:\/\/www.facebook.com\/pesury\" \/>\n<meta property=\"article:published_time\" content=\"2023-12-22T10:08:34+00:00\" \/>\n<meta name=\"author\" content=\"sonja\" \/>\n<meta name=\"twitter:card\" content=\"summary_large_image\" \/>\n<meta name=\"twitter:label1\" content=\"Kirjoittanut\" \/>\n\t<meta name=\"twitter:data1\" content=\"sonja\" \/>\n<script type=\"application\/ld+json\" class=\"yoast-schema-graph\">{\"@context\":\"https:\/\/schema.org\",\"@graph\":[{\"@type\":\"Article\",\"@id\":\"https:\/\/pesu.org\/wp\/kodinetsinta-lomailee-joulun-ja-vuodenvaihteen-aikoihin\/#article\",\"isPartOf\":{\"@id\":\"https:\/\/pesu.org\/wp\/kodinetsinta-lomailee-joulun-ja-vuodenvaihteen-aikoihin\/\"},\"author\":{\"name\":\"sonja\",\"@id\":\"https:\/\/pesu.org\/wp\/#\/schema\/person\/cca976454b1c50f027deb00c3dbe92ab\"},\"headline\":\"Kodinetsint\u00e4 lomailee joulun ja vuodenvaihteen aikoihin\",\"datePublished\":\"2023-12-22T10:08:34+00:00\",\"mainEntityOfPage\":{\"@id\":\"https:\/\/pesu.org\/wp\/kodinetsinta-lomailee-joulun-ja-vuodenvaihteen-aikoihin\/\"},\"wordCount\":70,\"commentCount\":0,\"publisher\":{\"@id\":\"https:\/\/pesu.org\/wp\/#organization\"},\"articleSection\":[\"Ajankohtaista\"],\"inLanguage\":\"fi\",\"potentialAction\":[{\"@type\":\"CommentAction\",\"name\":\"Comment\",\"target\":[\"https:\/\/pesu.org\/wp\/kodinetsinta-lomailee-joulun-ja-vuodenvaihteen-aikoihin\/#respond\"]}]},{\"@type\":\"WebPage\",\"@id\":\"https:\/\/pesu.org\/wp\/kodinetsinta-lomailee-joulun-ja-vuodenvaihteen-aikoihin\/\",\"url\":\"https:\/\/pesu.org\/wp\/kodinetsinta-lomailee-joulun-ja-vuodenvaihteen-aikoihin\/\",\"name\":\"Kodinetsint\u00e4 lomailee joulun ja vuodenvaihteen aikoihin | Pirkanmaan el&auml;insuojeluyhdistys, PESU ry\",\"isPartOf\":{\"@id\":\"https:\/\/pesu.org\/wp\/#website\"},\"datePublished\":\"2023-12-22T10:08:34+00:00\",\"breadcrumb\":{\"@id\":\"https:\/\/pesu.org\/wp\/kodinetsinta-lomailee-joulun-ja-vuodenvaihteen-aikoihin\/#breadcrumb\"},\"inLanguage\":\"fi\",\"potentialAction\":[{\"@type\":\"ReadAction\",\"target\":[\"https:\/\/pesu.org\/wp\/kodinetsinta-lomailee-joulun-ja-vuodenvaihteen-aikoihin\/\"]}]},{\"@type\":\"BreadcrumbList\",\"@id\":\"https:\/\/pesu.org\/wp\/kodinetsinta-lomailee-joulun-ja-vuodenvaihteen-aikoihin\/#breadcrumb\",\"itemListElement\":[{\"@type\":\"ListItem\",\"position\":1,\"name\":\"Etusivu\",\"item\":\"https:\/\/pesu.org\/wp\/\"},{\"@type\":\"ListItem\",\"position\":2,\"name\":\"Ajankohtaista\",\"item\":\"https:\/\/pesu.org\/wp\/category\/ajankohtaista\/\"},{\"@type\":\"ListItem\",\"position\":3,\"name\":\"Kodinetsint\u00e4 lomailee joulun ja vuodenvaihteen aikoihin\"}]},{\"@type\":\"WebSite\",\"@id\":\"https:\/\/pesu.org\/wp\/#website\",\"url\":\"https:\/\/pesu.org\/wp\/\",\"name\":\"Pirkanmaan el\u00e4insuojeluyhdistys, PESU ry\",\"description\":\"Lemmikkien, tuotantoel\u00e4inten ja luonnonvaraisten el\u00e4inten puolesta\",\"publisher\":{\"@id\":\"https:\/\/pesu.org\/wp\/#organization\"},\"potentialAction\":[{\"@type\":\"SearchAction\",\"target\":{\"@type\":\"EntryPoint\",\"urlTemplate\":\"https:\/\/pesu.org\/wp\/?s={search_term_string}\"},\"query-input\":{\"@type\":\"PropertyValueSpecification\",\"valueRequired\":true,\"valueName\":\"search_term_string\"}}],\"inLanguage\":\"fi\"},{\"@type\":\"Organization\",\"@id\":\"https:\/\/pesu.org\/wp\/#organization\",\"name\":\"Pirkanmaan el\u00e4insuojeluyhdistys, PESU ry\",\"url\":\"https:\/\/pesu.org\/wp\/\",\"logo\":{\"@type\":\"ImageObject\",\"inLanguage\":\"fi\",\"@id\":\"https:\/\/pesu.org\/wp\/#\/schema\/logo\/image\/\",\"url\":\"https:\/\/pesu.org\/wp\/wp-content\/uploads\/2024\/10\/Pesu_Logo_2019_RGB.jpg\",\"contentUrl\":\"https:\/\/pesu.org\/wp\/wp-content\/uploads\/2024\/10\/Pesu_Logo_2019_RGB.jpg\",\"width\":567,\"height\":391,\"caption\":\"Pirkanmaan el\u00e4insuojeluyhdistys, PESU ry\"},\"image\":{\"@id\":\"https:\/\/pesu.org\/wp\/#\/schema\/logo\/image\/\"},\"sameAs\":[\"https:\/\/www.facebook.com\/pesury\",\"https:\/\/www.instagram.com\/pesu_ry\/\"]},{\"@type\":\"Person\",\"@id\":\"https:\/\/pesu.org\/wp\/#\/schema\/person\/cca976454b1c50f027deb00c3dbe92ab\",\"name\":\"sonja\",\"image\":{\"@type\":\"ImageObject\",\"inLanguage\":\"fi\",\"@id\":\"https:\/\/pesu.org\/wp\/#\/schema\/person\/image\/\",\"url\":\"https:\/\/secure.gravatar.com\/avatar\/13b92ddd43632f74ff1fdc25b432b2692f588eba783384e5e439b382967b4fdb?s=96&d=mm&r=g\",\"contentUrl\":\"https:\/\/secure.gravatar.com\/avatar\/13b92ddd43632f74ff1fdc25b432b2692f588eba783384e5e439b382967b4fdb?s=96&d=mm&r=g\",\"caption\":\"sonja\"},\"url\":\"https:\/\/pesu.org\/wp\/author\/sonja\/\"}]}<\/script>\n<!-- \/ Yoast SEO plugin. -->","yoast_head_json":{"title":"Kodinetsint\u00e4 lomailee joulun ja vuodenvaihteen aikoihin | Pirkanmaan el&auml;insuojeluyhdistys, PESU ry","robots":{"index":"index","follow":"follow","max-snippet":"max-snippet:-1","max-image-preview":"max-image-preview:large","max-video-preview":"max-video-preview:-1"},"canonical":"https:\/\/pesu.org\/wp\/kodinetsinta-lomailee-joulun-ja-vuodenvaihteen-aikoihin\/","og_locale":"fi_FI","og_type":"article","og_title":"Kodinetsint\u00e4 lomailee joulun ja vuodenvaihteen aikoihin | Pirkanmaan el&auml;insuojeluyhdistys, PESU ry","og_description":"Huomioi PESUn vapaaehtoisten joululomat, jos haluat ottaa meihin yhteytt\u00e4. T\u00e4ss\u00e4 kodinetsinn\u00e4n loma-ajat:&nbsp; Kissojen kodinetsint\u00e4 lomailee joulun, v\u00e4lip\u00e4iv\u00e4t ja uuden vuoden. Adoptiotouhuihin palataan viikolla 1. Muiden lemmikkien kodinetsint\u00e4 lomailee joulun, v\u00e4lip\u00e4iv\u00e4t ja uuden vuoden. Adoptiotouhuihin palataan viikolla 1. Koirapuhelin lomailee 19.12. -&gt; joulun, v\u00e4lip\u00e4iv\u00e4t ja uuden vuoden. Adoptiotouhuihin palataan viikolla 2. PESU toivottaa kaikille rauhallista joulua! [&hellip;]","og_url":"https:\/\/pesu.org\/wp\/kodinetsinta-lomailee-joulun-ja-vuodenvaihteen-aikoihin\/","og_site_name":"Pirkanmaan el&auml;insuojeluyhdistys, PESU ry","article_publisher":"https:\/\/www.facebook.com\/pesury","article_published_time":"2023-12-22T10:08:34+00:00","author":"sonja","twitter_card":"summary_large_image","twitter_misc":{"Kirjoittanut":"sonja"},"schema":{"@context":"https:\/\/schema.org","@graph":[{"@type":"Article","@id":"https:\/\/pesu.org\/wp\/kodinetsinta-lomailee-joulun-ja-vuodenvaihteen-aikoihin\/#article","isPartOf":{"@id":"https:\/\/pesu.org\/wp\/kodinetsinta-lomailee-joulun-ja-vuodenvaihteen-aikoihin\/"},"author":{"name":"sonja","@id":"https:\/\/pesu.org\/wp\/#\/schema\/person\/cca976454b1c50f027deb00c3dbe92ab"},"headline":"Kodinetsint\u00e4 lomailee joulun ja vuodenvaihteen aikoihin","datePublished":"2023-12-22T10:08:34+00:00","mainEntityOfPage":{"@id":"https:\/\/pesu.org\/wp\/kodinetsinta-lomailee-joulun-ja-vuodenvaihteen-aikoihin\/"},"wordCount":70,"commentCount":0,"publisher":{"@id":"https:\/\/pesu.org\/wp\/#organization"},"articleSection":["Ajankohtaista"],"inLanguage":"fi","potentialAction":[{"@type":"CommentAction","name":"Comment","target":["https:\/\/pesu.org\/wp\/kodinetsinta-lomailee-joulun-ja-vuodenvaihteen-aikoihin\/#respond"]}]},{"@type":"WebPage","@id":"https:\/\/pesu.org\/wp\/kodinetsinta-lomailee-joulun-ja-vuodenvaihteen-aikoihin\/","url":"https:\/\/pesu.org\/wp\/kodinetsinta-lomailee-joulun-ja-vuodenvaihteen-aikoihin\/","name":"Kodinetsint\u00e4 lomailee joulun ja vuodenvaihteen aikoihin | Pirkanmaan el&auml;insuojeluyhdistys, PESU ry","isPartOf":{"@id":"https:\/\/pesu.org\/wp\/#website"},"datePublished":"2023-12-22T10:08:34+00:00","breadcrumb":{"@id":"https:\/\/pesu.org\/wp\/kodinetsinta-lomailee-joulun-ja-vuodenvaihteen-aikoihin\/#breadcrumb"},"inLanguage":"fi","potentialAction":[{"@type":"ReadAction","target":["https:\/\/pesu.org\/wp\/kodinetsinta-lomailee-joulun-ja-vuodenvaihteen-aikoihin\/"]}]},{"@type":"BreadcrumbList","@id":"https:\/\/pesu.org\/wp\/kodinetsinta-lomailee-joulun-ja-vuodenvaihteen-aikoihin\/#breadcrumb","itemListElement":[{"@type":"ListItem","position":1,"name":"Etusivu","item":"https:\/\/pesu.org\/wp\/"},{"@type":"ListItem","position":2,"name":"Ajankohtaista","item":"https:\/\/pesu.org\/wp\/category\/ajankohtaista\/"},{"@type":"ListItem","position":3,"name":"Kodinetsint\u00e4 lomailee joulun ja vuodenvaihteen aikoihin"}]},{"@type":"WebSite","@id":"https:\/\/pesu.org\/wp\/#website","url":"https:\/\/pesu.org\/wp\/","name":"Pirkanmaan el\u00e4insuojeluyhdistys, PESU ry","description":"Lemmikkien, tuotantoel\u00e4inten ja luonnonvaraisten el\u00e4inten puolesta","publisher":{"@id":"https:\/\/pesu.org\/wp\/#organization"},"potentialAction":[{"@type":"SearchAction","target":{"@type":"EntryPoint","urlTemplate":"https:\/\/pesu.org\/wp\/?s={search_term_string}"},"query-input":{"@type":"PropertyValueSpecification","valueRequired":true,"valueName":"search_term_string"}}],"inLanguage":"fi"},{"@type":"Organization","@id":"https:\/\/pesu.org\/wp\/#organization","name":"Pirkanmaan el\u00e4insuojeluyhdistys, PESU ry","url":"https:\/\/pesu.org\/wp\/","logo":{"@type":"ImageObject","inLanguage":"fi","@id":"https:\/\/pesu.org\/wp\/#\/schema\/logo\/image\/","url":"https:\/\/pesu.org\/wp\/wp-content\/uploads\/2024\/10\/Pesu_Logo_2019_RGB.jpg","contentUrl":"https:\/\/pesu.org\/wp\/wp-content\/uploads\/2024\/10\/Pesu_Logo_2019_RGB.jpg","width":567,"height":391,"caption":"Pirkanmaan el\u00e4insuojeluyhdistys, PESU ry"},"image":{"@id":"https:\/\/pesu.org\/wp\/#\/schema\/logo\/image\/"},"sameAs":["https:\/\/www.facebook.com\/pesury","https:\/\/www.instagram.com\/pesu_ry\/"]},{"@type":"Person","@id":"https:\/\/pesu.org\/wp\/#\/schema\/person\/cca976454b1c50f027deb00c3dbe92ab","name":"sonja","image":{"@type":"ImageObject","inLanguage":"fi","@id":"https:\/\/pesu.org\/wp\/#\/schema\/person\/image\/","url":"https:\/\/secure.gravatar.com\/avatar\/13b92ddd43632f74ff1fdc25b432b2692f588eba783384e5e439b382967b4fdb?s=96&d=mm&r=g","contentUrl":"https:\/\/secure.gravatar.com\/avatar\/13b92ddd43632f74ff1fdc25b432b2692f588eba783384e5e439b382967b4fdb?s=96&d=mm&r=g","caption":"sonja"},"url":"https:\/\/pesu.org\/wp\/author\/sonja\/"}]}},"_links":{"self":[{"href":"https:\/\/pesu.org\/wp\/wp-json\/wp\/v2\/posts\/1116","targetHints":{"allow":["GET"]}}],"collection":[{"href":"https:\/\/pesu.org\/wp\/wp-json\/wp\/v2\/posts"}],"about":[{"href":"https:\/\/pesu.org\/wp\/wp-json\/wp\/v2\/types\/post"}],"author":[{"embeddable":true,"href":"https:\/\/pesu.org\/wp\/wp-json\/wp\/v2\/users\/14"}],"replies":[{"embeddable":true,"href":"https:\/\/pesu.org\/wp\/wp-json\/wp\/v2\/comments?post=1116"}],"version-history":[{"count":0,"href":"https:\/\/pesu.org\/wp\/wp-json\/wp\/v2\/posts\/1116\/revisions"}],"wp:attachment":[{"href":"https:\/\/pesu.org\/wp\/wp-json\/wp\/v2\/media?parent=1116"}],"wp:term":[{"taxonomy":"category","embeddable":true,"href":"https:\/\/pesu.org\/wp\/wp-json\/wp\/v2\/categories?post=1116"},{"taxonomy":"post_tag","embeddable":true,"href":"https:\/\/pesu.org\/wp\/wp-json\/wp\/v2\/tags?post=1116"}],"curies":[{"name":"wp","href":"https:\/\/api.w.org\/{rel}","templated":true}]}}